{"id":1131,"date":"2017-08-23T08:30:40","date_gmt":"2017-08-23T08:30:40","guid":{"rendered":"http:\/\/www.trentino-in.com\/blog\/?p=1131"},"modified":"2025-08-26T12:33:48","modified_gmt":"2025-08-26T12:33:48","slug":"vacanze-di-capodanno-in-val-di-non","status":"publish","type":"post","link":"http:\/\/www.trentino-in.com\/blog\/trentino\/vacanze-di-capodanno-in-val-di-non\/","title":{"rendered":"Vacanze di Capodanno 2026 sulla neve della Val di Non"},"content":{"rendered":"<p>Neve, relax, divertimento: Ecco di cosa \u00e8 fatta la Val di Non. Per la vostra festa di fine anno state cercando un luogo dove potervi divertire sulla neve e festeggiando degnamente la notte di San Silvestro? Allora non potete assolutamente mancare di trascorrere il vostro <strong>capodanno 2026 in Val di Non<\/strong>.<\/p>\n<p><img decoding=\"async\" loading=\"lazy\" class=\"aligncenter size-full wp-image-1135\" src=\"http:\/\/www.trentino-in.com\/blog\/wp-content\/uploads\/val-di-non-capodanno.jpg\" alt=\"val di non capodanno\" width=\"400\" height=\"206\" srcset=\"http:\/\/www.trentino-in.com\/blog\/wp-content\/uploads\/val-di-non-capodanno.jpg 400w, http:\/\/www.trentino-in.com\/blog\/wp-content\/uploads\/val-di-non-capodanno-300x155.jpg 300w\" sizes=\"(max-width: 400px) 100vw, 400px\" \/><br \/>\n<!--more--><\/p>\n<p>Situata tra Trento e Bolzano, questa valle \u00e8 molto famosa in tutto il Paese per le sue <strong>piste da sci<\/strong>, nel comprensorio di Coredo\/Predaia, e per le sue specialit\u00e0 gastronomiche, soprattutto le mele. Le opportunit\u00e0 per passare una fantastica vacanza di fine anno sulla neve sono molte, e di seguito noi di \u201cTrentino-In\u201d ve le spiegheremo.<\/p>\n<div id=\"mapviewer\"><iframe loading=\"lazy\" id=\"map\" src=\"https:\/\/www.bing.com\/maps\/embed\/?v=2&amp;cp=46.268902~11.060100&amp;lvl=13&amp;sty=r&amp;where1=val%20di%20non&amp;form=LMLTEW&amp;emid=c0345441-496c-ed85-74b4-a3f501308f2d\" width=\"500\" height=\"400\" frameborder=\"0\" scrolling=\"no\"><\/iframe><\/div>\n<p>La <strong>zona sciistica<\/strong>, come precedentemente accennato, \u00e8 <strong>molto ampia<\/strong> e offre impianti per <strong>ogni tipo di sport alpino<\/strong>. Oltre alle piste da sci di fondo e alpino, potrete:<\/p>\n<ul>\n<li>praticare lo <strong>sci alpinismo<\/strong> sui percorsi appositamente predisposti, soprattutto nella zona delle Maddalene;<\/li>\n<li><strong>pattinare<\/strong> sul Lago Smeraldo ghiacciato o al Palaghiaccio di Fondo;<\/li>\n<li><strong>sciare di sera<\/strong> a Ruffr\u00e8;<\/li>\n<li><strong>divertirvi con i vostri figli<\/strong> al Predaia Park o al Funny Park Nevelandia di Roen;<\/li>\n<li><strong>ciaspolare<\/strong> con numerosi eventi organizzati per la fine di dicembre.<\/li>\n<\/ul>\n<p>Se ci\u00f2 non vi basta, potete sempre raggiungere velocemente e con facilit\u00e0 i comprensori sciistici dell&#8217;<a href=\"http:\/\/www.trentino-in.com\/blog\/dolomiti\/vacanze-di-capodanno-nella-paganella\/\">Altopiano della Paganella<\/a> oppure quelli della Folgarida-Marilleva, grazie alla posizione centrale della vallata.<\/p>\n<p>\n<script async src=\"\/\/pagead2.googlesyndication.com\/pagead\/js\/adsbygoogle.js\"><\/script>\n<ins class=\"adsbygoogle\"\n     style=\"display:block; text-align:center;\"\n     data-ad-layout=\"in-article\"\n     data-ad-format=\"fluid\"\n     data-ad-client=\"ca-pub-7234798599586592\"\n     data-ad-slot=\"9043176386\"><\/ins>\n<script>\n     (adsbygoogle = window.adsbygoogle || []).push({});\n<\/script>\n<\/p>\n<p>Per coloro che amano i <strong>mercatini natalizi<\/strong>, alloggiare nelle vacanze di fine anno nella Val di Non \u00e8 l&#8217;ideale. Grazie al fatto di essere a met\u00e0 strada tra il Trentino e l&#8217;Alto Adige, vi sar\u00e0 possibile visitare i <a href=\"http:\/\/www.trentino-in.com\/blog\/trentino\/mercatini-di-natale-del-trentino-alto-adige\/\">migliori mercatini di tutta la regione<\/a> a meno di mezz&#8217;ora di macchina.<\/p>\n<p>Il capodanno 2026 in Val di Non \u00e8 soprattutto divertimento: quasi tutti i locali della zona organizzano infatti una <strong>festa<\/strong> o danno la possibilit\u00e0 di gustare un <strong>cenone tipico<\/strong>, per poi <strong>festeggiare in piazza<\/strong>, insieme agli abitanti. Inoltre, sulle piste dell&#8217;altopiano della Predaia, ogni anno viene organizzata una festa di fine anno, con posti limitati e ingresso a pagamento, con dj set, piste aperte e illuminate per permettere la discesa con gli slittini e fiaccolata aperta anche ai meno esperti.<br \/>\nPer maggiori informazioni su tutti gli eventi della zona, visitate il <a href=\"http:\/\/www.visitvaldinon.it\/it\/\">sito ufficiale della promozione turistica della valle<\/a>.<\/p>\n<p><img decoding=\"async\" loading=\"lazy\" class=\"aligncenter size-full wp-image-1137\" src=\"http:\/\/www.trentino-in.com\/blog\/wp-content\/uploads\/capodanno-neve-val-di-non.jpg\" alt=\"capodanno sulla neve val di non\" width=\"400\" height=\"169\" srcset=\"http:\/\/www.trentino-in.com\/blog\/wp-content\/uploads\/capodanno-neve-val-di-non.jpg 400w, http:\/\/www.trentino-in.com\/blog\/wp-content\/uploads\/capodanno-neve-val-di-non-300x127.jpg 300w\" sizes=\"(max-width: 400px) 100vw, 400px\" \/><\/p>\n<p>Trovare un posto in cui alloggiare durante il capodanno in Val di Non \u00e8 semplice: numerosi <strong>hotel e alloggi<\/strong> sono infatti aperti in questo periodo, grazie alla stagione sciistica, e molti offrono anche pacchetti con offerte e promozioni. Una possibilit\u00e0 interessante che la zona vi offre, per i gruppi di amici molto numerosi, sono le <strong>case da affittare<\/strong>. I proprietari di questi alloggi vi permetteranno di prenotare l&#8217;intero stabile, e non solo alcune stanze come avviene per gli appartamenti, in cui voi e il vostro gruppo di amici potrete gestirvi a vostro completo piacimento. Questa soluzione \u00e8 consigliata soprattutto per <strong>gruppi molto numerosi<\/strong>, per poter affittare la casa risparmiando.<\/p>\n<p>I posti finiscono molto velocemente, per cui affrettatevi a prenotare il prima possibile per il vostro capodanno 2026 nella Val di Non!<\/p>\n<p>\n<script async src=\"\/\/pagead2.googlesyndication.com\/pagead\/js\/adsbygoogle.js\"><\/script>\n<ins class=\"adsbygoogle\"\n     style=\"display:block; text-align:center;\"\n     data-ad-layout=\"in-article\"\n     data-ad-format=\"fluid\"\n     data-ad-client=\"ca-pub-7234798599586592\"\n     data-ad-slot=\"3407706329\"><\/ins>\n<script>\n     (adsbygoogle = window.adsbygoogle || []).push({});\n<\/script>\n<\/p>\n","protected":false},"excerpt":{"rendered":"<p>Neve, relax, divertimento: Ecco di cosa \u00e8 fatta la Val di Non. Per la vostra festa di fine anno state cercando un luogo dove potervi divertire sulla neve e festeggiando degnamente la notte di San Silvestro? Allora non potete assolutamente mancare di trascorrere il vostro capodanno 2026 in Val di Non.<\/p>\n","protected":false},"author":3,"featured_media":0,"comment_status":"open","ping_status":"open","sticky":false,"template":"","format":"standard","meta":[],"categories":[9],"tags":[4,19,15],"aioseo_notices":[],"_links":{"self":[{"href":"http:\/\/www.trentino-in.com\/blog\/wp-json\/wp\/v2\/posts\/1131"}],"collection":[{"href":"http:\/\/www.trentino-in.com\/blog\/wp-json\/wp\/v2\/posts"}],"about":[{"href":"http:\/\/www.trentino-in.com\/blog\/wp-json\/wp\/v2\/types\/post"}],"author":[{"embeddable":true,"href":"http:\/\/www.trentino-in.com\/blog\/wp-json\/wp\/v2\/users\/3"}],"replies":[{"embeddable":true,"href":"http:\/\/www.trentino-in.com\/blog\/wp-json\/wp\/v2\/comments?post=1131"}],"version-history":[{"count":10,"href":"http:\/\/www.trentino-in.com\/blog\/wp-json\/wp\/v2\/posts\/1131\/revisions"}],"predecessor-version":[{"id":2681,"href":"http:\/\/www.trentino-in.com\/blog\/wp-json\/wp\/v2\/posts\/1131\/revisions\/2681"}],"wp:attachment":[{"href":"http:\/\/www.trentino-in.com\/blog\/wp-json\/wp\/v2\/media?parent=1131"}],"wp:term":[{"taxonomy":"category","embeddable":true,"href":"http:\/\/www.trentino-in.com\/blog\/wp-json\/wp\/v2\/categories?post=1131"},{"taxonomy":"post_tag","embeddable":true,"href":"http:\/\/www.trentino-in.com\/blog\/wp-json\/wp\/v2\/tags?post=1131"}],"curies":[{"name":"wp","href":"https:\/\/api.w.org\/{rel}","templated":true}]}}