{"id":1171,"date":"2017-05-15T17:35:47","date_gmt":"2017-05-15T17:35:47","guid":{"rendered":"http:\/\/www.trentino-in.com\/blog\/?p=1171"},"modified":"2025-04-02T08:52:47","modified_gmt":"2025-04-02T08:52:47","slug":"san-candido-lienz","status":"publish","type":"post","link":"http:\/\/www.trentino-in.com\/blog\/trentino\/san-candido-lienz\/","title":{"rendered":"Il percorso ciclabile della San Candido-Lienz"},"content":{"rendered":"<p><img decoding=\"async\" loading=\"lazy\" class=\"alignleft size-full wp-image-1174\" src=\"http:\/\/www.trentino-in.com\/blog\/wp-content\/uploads\/san-candido-lienz-bicicletta.jpg\" alt=\"san candido lienz bicicletta\" width=\"150\" height=\"150\">Un&#8217;ottima idea per passare una giornata in montagna durante la primavera, se amate andare in bicicletta e volete un percorso semplice e affascinante, anche per i bambini, \u00e8 di percorrere la famosa <strong>strada ciclabile<\/strong> che da <strong>San Candido<\/strong>, in Alto Adige, arriva a <strong>Lienz<\/strong>, in Austria. Noi di \u201cTrentino In\u201d vi vogliamo spiegare questo affascinante percorso.<br \/>\n<!--more--><\/p>\n<p>Costruito lungo il fiume Drava, questo percorso ciclistico collega il paese trentino con il capoluogo del Tirolo Orientale, lungo circa 50 chilometri, in molti tratti <strong>immerso nel verde<\/strong> del bosco e <strong>leggermente in pendenza<\/strong>, se preso dal lato italiano. Questa pista \u00e8 <strong>adatta a tutti<\/strong>, sia principianti che famiglie con bambini: il tragitto \u00e8 asfaltato e separato dalla strada con passaggio di automobili, vi sono numerose <strong>aree di sosta e punti di ristoro<\/strong> e il ritorno, sia che arriviate fino alla fine o vi fermiate in una tappa precedente, \u00e8 garantito dal <strong>collegamento ferroviario<\/strong>, con vagoni dedicati al trasporto biciclette.<\/p>\n<p>\n<script async src=\"\/\/pagead2.googlesyndication.com\/pagead\/js\/adsbygoogle.js\"><\/script>\n<ins class=\"adsbygoogle\"\n     style=\"display:block; text-align:center;\"\n     data-ad-layout=\"in-article\"\n     data-ad-format=\"fluid\"\n     data-ad-client=\"ca-pub-7234798599586592\"\n     data-ad-slot=\"9043176386\"><\/ins>\n<script>\n     (adsbygoogle = window.adsbygoogle || []).push({});\n<\/script>\n<\/p>\n<p>Lungo la pista ciclabile della San Candido-Lienz sono numerose le attrazioni e le cose da vedere, per grandi e piccini; le pi\u00f9 importanti di cui vogliamo parlarvi sono:<\/p>\n<ul>\n<li>il centro storico e i resti della citt\u00e0 romana di <strong>Aguntum<\/strong>, a pochi chilometri di distanza dalla meta finale;<\/li>\n<li>i parchi giochi <strong>\u201cWichtelpark\u201d di Sillian<\/strong> e di <strong>Thal-Assling<\/strong>, in Austria;<\/li>\n<li>le <strong>cascate Galitzenklamm<\/strong>, spettacolare salto d&#8217;acqua, e il <strong>parco avventura<\/strong> ad esse collegato, aperto da maggio;<\/li>\n<li>tutti i paesi attraversati, come ad esempio <strong>Versciaco<\/strong> e <strong>Mittelwald<\/strong>.<\/li>\n<\/ul>\n<p><img decoding=\"async\" loading=\"lazy\" class=\"aligncenter size-full wp-image-1176\" src=\"http:\/\/www.trentino-in.com\/blog\/wp-content\/uploads\/san-candido-lienz-pista.jpg\" alt=\"san candido lienz pista\" width=\"400\" height=\"226\" srcset=\"http:\/\/www.trentino-in.com\/blog\/wp-content\/uploads\/san-candido-lienz-pista.jpg 400w, http:\/\/www.trentino-in.com\/blog\/wp-content\/uploads\/san-candido-lienz-pista-300x170.jpg 300w\" sizes=\"(max-width: 400px) 100vw, 400px\" \/><\/p>\n<p>Una volta finita di percorrere in bicicletta, c&#8217;\u00e8 ancora molto da vedere. Nella citt\u00e0 di Lienz, infatti, oltre che potersi riposare dopo la lunga corsa in bicicletta in uno dei tanti <strong>bar e caff\u00e8<\/strong>, \u00e8 possibile vedere numerosi <strong>monumenti<\/strong>, prima di prendere il treno di ritorno verso San Candido. Alcuni tra questi sono:<\/p>\n<ul>\n<li>la <strong>chiesa di San Michele<\/strong>, la pi\u00f9 importante del posto;<\/li>\n<li>il <strong>Convento Francescano<\/strong>, che ospita una grotta dedicata alla Madonna di Lourdes, un&#8217;importante biblioteca e un centro giovanile;<\/li>\n<li>il <strong>Castello Bruck<\/strong>, un fortilizio di epoca medioevale ora sede di numerose mostre.<\/li>\n<\/ul>\n<p>\n<script async src=\"\/\/pagead2.googlesyndication.com\/pagead\/js\/adsbygoogle.js\"><\/script>\n<ins class=\"adsbygoogle\"\n     style=\"display:block; text-align:center;\"\n     data-ad-layout=\"in-article\"\n     data-ad-format=\"fluid\"\n     data-ad-client=\"ca-pub-7234798599586592\"\n     data-ad-slot=\"3407706329\"><\/ins>\n<script>\n     (adsbygoogle = window.adsbygoogle || []).push({});\n<\/script>\n<\/p>\n<p>Le possibilit\u00e0 di alloggio per chi vuole percorrere la pista ciclabile da San Candido a Lienz sono molte: oltre che nella localit\u00e0 di partenza, \u00e8 infatti possibile trovare hotel o bed&amp;breakfast aperti anche nella vicina citt\u00e0 di <strong>Dobbiaco<\/strong>, oppure, se siete una compagnia numerosa e volete risparmiare, potreste prendere in affitto un appartamento per le vacanze.<\/p>\n<p><img decoding=\"async\" loading=\"lazy\" class=\"aligncenter size-full wp-image-1177\" src=\"http:\/\/www.trentino-in.com\/blog\/wp-content\/uploads\/san-candido-lienz-dobbiaco.jpg\" alt=\"san candido lienz dobbiaco\" width=\"400\" height=\"280\" srcset=\"http:\/\/www.trentino-in.com\/blog\/wp-content\/uploads\/san-candido-lienz-dobbiaco.jpg 400w, http:\/\/www.trentino-in.com\/blog\/wp-content\/uploads\/san-candido-lienz-dobbiaco-300x210.jpg 300w\" sizes=\"(max-width: 400px) 100vw, 400px\" \/><\/p>\n<p>La corsa lungo la San Candido-Lienz pu\u00f2 anche far parte di una vacanza pi\u00f9 ampia, magari durante la <a href=\"http:\/\/www.trentino-in.com\/blog\/montagna\/pasqua-sulla-neve\/\">Pasqua nelle montagne del Trentino Alto Adige<\/a> oppure <a href=\"http:\/\/www.trentino-in.com\/blog\/montagna\/scegliete-il-trentino-per-la-vostra-estate\/\">quelle estive trascorse tra i monti di questa regione<\/a>. In questo caso, non \u00e8 necessario che vi portiate dietro le vostre biciclette da casa, che possono essere ingombranti e inutili durante gli altri giorni: vi sono numerosi negozi in cui le potrete <strong>noleggiare per un giorno<\/strong>, sia per gli adulti che per i bambini.<\/p>\n<p><iframe loading=\"lazy\" src=\"http:\/\/www.ilmeteo.it\/box\/previsioni.php?citta=6135&amp;type=day2&amp;width=450&amp;ico=swf1&amp;lang=ita&amp;days=5&amp;font=Arial&amp;fontsize=12&amp;bg=FFFFFF&amp;fg=000000&amp;bgtitle=0099FF&amp;fgtitle=FFFFFF&amp;bgtab=F0F0F0&amp;fglink=1773C2\" width=\"450\" height=\"341\" frameborder=\"no\" scrolling=\"no\"><\/iframe><\/p>\n","protected":false},"excerpt":{"rendered":"<p>Un&#8217;ottima idea per passare una giornata in montagna durante la primavera, se amate andare in bicicletta e volete un percorso semplice e affascinante, anche per i bambini, \u00e8 di percorrere la famosa strada ciclabile che da San Candido, in Alto Adige, arriva a Lienz, in Austria. Noi di \u201cTrentino In\u201d vi vogliamo spiegare questo affascinante [&hellip;]<\/p>\n","protected":false},"author":3,"featured_media":0,"comment_status":"open","ping_status":"open","sticky":false,"template":"","format":"standard","meta":[],"categories":[9],"tags":[48,38,22],"aioseo_notices":[],"_links":{"self":[{"href":"http:\/\/www.trentino-in.com\/blog\/wp-json\/wp\/v2\/posts\/1171"}],"collection":[{"href":"http:\/\/www.trentino-in.com\/blog\/wp-json\/wp\/v2\/posts"}],"about":[{"href":"http:\/\/www.trentino-in.com\/blog\/wp-json\/wp\/v2\/types\/post"}],"author":[{"embeddable":true,"href":"http:\/\/www.trentino-in.com\/blog\/wp-json\/wp\/v2\/users\/3"}],"replies":[{"embeddable":true,"href":"http:\/\/www.trentino-in.com\/blog\/wp-json\/wp\/v2\/comments?post=1171"}],"version-history":[{"count":5,"href":"http:\/\/www.trentino-in.com\/blog\/wp-json\/wp\/v2\/posts\/1171\/revisions"}],"predecessor-version":[{"id":2687,"href":"http:\/\/www.trentino-in.com\/blog\/wp-json\/wp\/v2\/posts\/1171\/revisions\/2687"}],"wp:attachment":[{"href":"http:\/\/www.trentino-in.com\/blog\/wp-json\/wp\/v2\/media?parent=1171"}],"wp:term":[{"taxonomy":"category","embeddable":true,"href":"http:\/\/www.trentino-in.com\/blog\/wp-json\/wp\/v2\/categories?post=1171"},{"taxonomy":"post_tag","embeddable":true,"href":"http:\/\/www.trentino-in.com\/blog\/wp-json\/wp\/v2\/tags?post=1171"}],"curies":[{"name":"wp","href":"https:\/\/api.w.org\/{rel}","templated":true}]}}