{"id":132,"date":"2017-01-24T07:48:37","date_gmt":"2017-01-24T07:48:37","guid":{"rendered":"http:\/\/www.trentino-in.com\/blog\/?p=132"},"modified":"2025-04-02T09:29:37","modified_gmt":"2025-04-02T09:29:37","slug":"lastminute-ponte-pasqua","status":"publish","type":"post","link":"http:\/\/www.trentino-in.com\/blog\/montagna\/lastminute-ponte-pasqua\/","title":{"rendered":"Offerte last minute in montagna per il ponte di Pasqua 2025"},"content":{"rendered":"<p>Un <strong>last minute nel lungo ponte di Pasqua 2025<\/strong>\u00a0rappresenta un&#8217;ottima occasione per salutare la stagione invernale e dare il benvenuto alla primavera nelle localit\u00e0 montane, che pi\u00f9 di altre risentono di questo &#8220;cambiamento&#8221; climatico, cambiando completamente veste.<br \/>\nNelle localit\u00e0 del Cadore, prima fra tutte Cortina d&#8217;Ampezzo, il <strong>fenomeno del last minute<\/strong> \u00e8 molto diffuso, nonostante la regola dica che per ottenere le migliori agevolazioni convenga prenotare in anticipo. Chi sceglie l&#8217;approccio dei last minute per Pasqua trover\u00e0 occasioni dell&#8217;ultimo minuto, con prezzi talvolta molto ridotti da parte dei gestori delle strutture ancora aperte, per non lasciare l&#8217;hotel o l&#8217;albergo scoperti.<!--more-->\n<script async src=\"\/\/pagead2.googlesyndication.com\/pagead\/js\/adsbygoogle.js\"><\/script>\n<ins class=\"adsbygoogle\"\n     style=\"display:block; text-align:center;\"\n     data-ad-layout=\"in-article\"\n     data-ad-format=\"fluid\"\n     data-ad-client=\"ca-pub-7234798599586592\"\n     data-ad-slot=\"9043176386\"><\/ins>\n<script>\n     (adsbygoogle = window.adsbygoogle || []).push({});\n<\/script>\n<br \/>\nLe camere vengono cedute anche alla met\u00e0 del loro valore, compresi i servizi annessi.<br \/>\nQuest&#8217;anno Pasqua cade a inizio aprile, il che la rende ideale sia per le ultime sciate della stagione ad alta quota sia per le prime passeggiate, escursioni e cavalcate primaverili nelle zone a minore altitudine, dove gi\u00e0 le prime distese verdi sono ben asciutte e praticabili per interessanti visite ad agriturismi tipici delle montagne italiane.<br \/>\n\n<script async src=\"\/\/pagead2.googlesyndication.com\/pagead\/js\/adsbygoogle.js\"><\/script>\n<ins class=\"adsbygoogle\"\n     style=\"display:block; text-align:center;\"\n     data-ad-layout=\"in-article\"\n     data-ad-format=\"fluid\"\n     data-ad-client=\"ca-pub-7234798599586592\"\n     data-ad-slot=\"3407706329\"><\/ins>\n<script>\n     (adsbygoogle = window.adsbygoogle || []).push({});\n<\/script>\n<br \/>\nLe persone che scelgono il <strong>viaggio dell&#8217;ultimo minuto<\/strong> per il <strong>ponte Pasquale<\/strong> probabilmente lo fanno per una decisione maturata all&#8217;<strong>ultimo minuto<\/strong>, oppure perch\u00e8 hanno appreso tardi della possibilit\u00e0 di fare un giorno in pi\u00f9 di ferie; sembra infatti indispensabile godere di 3 o 4 giorni affinch\u00e8 abbia senso cercare l&#8217;occasione di un last minute in montagna.<br \/>\nVerifica in internet o contattando le APT locali delle localit\u00e0 di interesse, se vi sono <em>offerte last minute per Pasqua<\/em>, e prenotate la vostra tanto desiderata vacanza per fare un ultimo giro sulle piste da sci.<\/p>\n<h3>Alloggiare in montagna per Pasqua<\/h3>\n<p>Le possibilit\u00e0 di alloggio in montagna sono sicuramente molte: oltre al classico <strong>hotel o albergo<\/strong>, potrete optare per un <strong>residence<\/strong> o un calmo <strong>bed &amp; breakfast<\/strong> senza spendere cifre esagerate. Certo ognuna di queste strutture si adegua a diverse esigenze dei suoi ospiti e per aiutarvi a cercare quella che pi\u00f9 fa per voi vi faremo qualche proposta che potrete tenere in considerazione:<\/p>\n<div class=\"exp-wrap\">\n<div class=\"exp-hotel\">\n<div class=\"exp-img\"><img decoding=\"async\" src=\"http:\/\/www.trentino-in.com\/blog\/wp-content\/uploads\/4holiday.jpg\" alt=\"\" width=\"255px\" \/><\/div>\n<div class=\"exp-desc\"><a href=\"http:\/\/www.trentino-in.com\/blog\/ext\/offerte-pasqua-montagna-apartament-4-holiday\"><br \/>\n<\/a><\/p>\n<h3>Apartment 4 holiday &#8211; Piciulei<\/h3>\n<p><span class=\"exp-adr\">Str. Piciul\u00ebi 15 Selva di Val Gardena Alto Adige.\u00a0<\/span>A pochi minuti dal santuario, offre un ottimo rapporto qualit\u00e0 prezzo oltre a godere di una fantastica vista sul castello. Il personale \u00e8 disponibile.<\/p>\n<div class=\"exp-btn-div\"><a class=\"exp-btn\" href=\"http:\/\/www.trentino-in.com\/blog\/ext\/offerte-pasqua-montagna-apartament-4-holiday\" target=\"_blank\" rel=\"nofollow noopener noreferrer\">Prenota Ora<\/a><\/div>\n<\/div>\n<\/div>\n<div class=\"exp-hotel\">\n<div class=\"exp-img\"><img decoding=\"async\" src=\"http:\/\/www.trentino-in.com\/blog\/wp-content\/uploads\/hotel-roya\u00f2.jpg\" alt=\"\" width=\"255px\" \/><\/div>\n<div class=\"exp-desc\"><a href=\"http:\/\/www.trentino-in.com\/blog\/ext\/offerte-pasqua-montagna-hotel-royal\"><br \/>\n<\/a><\/p>\n<h3>Hotel Royal <span class=\"exp-star\">\u2605\u2605\u2605<\/span><\/h3>\n<p><span class=\"exp-adr\">Via Stazione 2 Cortina d&#8217;Ampezzo BL.\u00a0<\/span>La particolarit\u00e0 di questo hotel \u00e8 la posizione super centrale. La colazione e il wifi sono gratuiti e il prezzo \u00e8 ragionevole considerata l&#8217;ottima posizione della struttura.<\/p>\n<div class=\"exp-btn-div\"><a class=\"exp-btn\" href=\"http:\/\/www.trentino-in.com\/blog\/ext\/offerte-pasqua-montagna-hotel-royal\" target=\"_blank\" rel=\"nofollow noopener noreferrer\">Prenota Ora<\/a><\/div>\n<\/div>\n<\/div>\n<div class=\"exp-hotel\">\n<div class=\"exp-img\"><img decoding=\"async\" src=\"http:\/\/www.trentino-in.com\/blog\/wp-content\/uploads\/apparthotel-winklwiese-18.jpg\" alt=\"\" width=\"255px\" \/><\/div>\n<div class=\"exp-desc\"><a href=\"http:\/\/www.trentino-in.com\/blog\/ext\/offerte-pasqua-montagna-apparthotel-winklwiese\"><br \/>\n<\/a><\/p>\n<h3>Apparthotel Winklewiese <span class=\"exp-star\">\u2605\u2605\u2605\u2605<\/span><\/h3>\n<p><span class=\"exp-adr\">Aue 33 Valdaora BZ.\u00a0<\/span>Questa struttura \u00e8 molto vicina alle piste da sci ed offre ad un prezzo molto conveniente colazione gratuita, pulizia e cortesia del personale.<\/p>\n<div class=\"exp-btn-div\"><a class=\"exp-btn\" href=\"http:\/\/www.trentino-in.com\/blog\/ext\/offerte-pasqua-montagna-apparthotel-winklwiese\" target=\"_blank\" rel=\"nofollow noopener noreferrer\">Prenota Ora<\/a><\/div>\n<\/div>\n<\/div>\n<\/div>\n","protected":false},"excerpt":{"rendered":"<p>Un last minute nel lungo ponte di Pasqua 2025\u00a0rappresenta un&#8217;ottima occasione per salutare la stagione invernale e dare il benvenuto alla primavera nelle localit\u00e0 montane, che pi\u00f9 di altre risentono di questo &#8220;cambiamento&#8221; climatico, cambiando completamente veste. Nelle localit\u00e0 del Cadore, prima fra tutte Cortina d&#8217;Ampezzo, il fenomeno del last minute \u00e8 molto diffuso, nonostante [&hellip;]<\/p>\n","protected":false},"author":2,"featured_media":0,"comment_status":"open","ping_status":"open","sticky":false,"template":"","format":"standard","meta":[],"categories":[7],"tags":[],"aioseo_notices":[],"_links":{"self":[{"href":"http:\/\/www.trentino-in.com\/blog\/wp-json\/wp\/v2\/posts\/132"}],"collection":[{"href":"http:\/\/www.trentino-in.com\/blog\/wp-json\/wp\/v2\/posts"}],"about":[{"href":"http:\/\/www.trentino-in.com\/blog\/wp-json\/wp\/v2\/types\/post"}],"author":[{"embeddable":true,"href":"http:\/\/www.trentino-in.com\/blog\/wp-json\/wp\/v2\/users\/2"}],"replies":[{"embeddable":true,"href":"http:\/\/www.trentino-in.com\/blog\/wp-json\/wp\/v2\/comments?post=132"}],"version-history":[{"count":9,"href":"http:\/\/www.trentino-in.com\/blog\/wp-json\/wp\/v2\/posts\/132\/revisions"}],"predecessor-version":[{"id":2711,"href":"http:\/\/www.trentino-in.com\/blog\/wp-json\/wp\/v2\/posts\/132\/revisions\/2711"}],"wp:attachment":[{"href":"http:\/\/www.trentino-in.com\/blog\/wp-json\/wp\/v2\/media?parent=132"}],"wp:term":[{"taxonomy":"category","embeddable":true,"href":"http:\/\/www.trentino-in.com\/blog\/wp-json\/wp\/v2\/categories?post=132"},{"taxonomy":"post_tag","embeddable":true,"href":"http:\/\/www.trentino-in.com\/blog\/wp-json\/wp\/v2\/tags?post=132"}],"curies":[{"name":"wp","href":"https:\/\/api.w.org\/{rel}","templated":true}]}}