{"id":403,"date":"2012-10-31T11:30:55","date_gmt":"2012-10-31T11:30:55","guid":{"rendered":"http:\/\/www.trentino-in.com\/blog\/?p=403"},"modified":"2025-08-26T12:53:07","modified_gmt":"2025-08-26T12:53:07","slug":"capodanno-bressanone","status":"publish","type":"post","link":"http:\/\/www.trentino-in.com\/blog\/trentino\/capodanno-bressanone\/","title":{"rendered":"Festeggia il San Silvestro a Bressanone in montagna!"},"content":{"rendered":"<div class=\"img_s\"><img decoding=\"async\" loading=\"lazy\" class=\"alignnone\" src=\"\/images\/blog\/bressanone-capodanno.jpg\" alt=\"capodanno a Bressanone\" width=\"125\" height=\"125\" \/><\/div>\n<p>Per le vacanze di Natale e Capodanno, la scelta della montagna \u00e8 ormai un classico per gli italiani che vogliono concedersi una vacanza immersi della natura con i propri cari, lontani dalla quotidianit\u00e0 cittadina. Quest&#8217;anno un&#8217;alternativa potrebbe essere la <a href=\"http:\/\/it.wikipedia.org\/wiki\/Bressanone\">citt\u00e0 di Bressanone<\/a>, una delle localit\u00e0 pi\u00f9 particolari di tutta la zona altoatesina. La storia conferisce alla citt\u00e0 delle caratteristiche uniche: <strong>Bressanone<\/strong> \u00e8 la citt\u00e0 barocca pi\u00f9 antica del Tirolo e citt\u00e0 vescovile medievale dal 901, elementi che ancora si possono riscontrare nell&#8217;architettura degli edifici e nelle decorazioni urbane. Il capodanno 2026 a Bressanone pu\u00f2 essere l&#8217;occasione di visitare una citt\u00e0 storica, immersa nella natura montana e nei magnifici paesaggi delle Dolomiti, e al tempo stresso piena di iniziative e attivit\u00e0 da svolgere. Sar\u00e0 una vacanze appassionante all&#8217;insegna della curiosit\u00e0, tra le pendici di Bressanone.<br \/>\n<!--more-->\n<script async src=\"\/\/pagead2.googlesyndication.com\/pagead\/js\/adsbygoogle.js\"><\/script>\n<ins class=\"adsbygoogle\"\n     style=\"display:block; text-align:center;\"\n     data-ad-layout=\"in-article\"\n     data-ad-format=\"fluid\"\n     data-ad-client=\"ca-pub-7234798599586592\"\n     data-ad-slot=\"9043176386\"><\/ins>\n<script>\n     (adsbygoogle = window.adsbygoogle || []).push({});\n<\/script>\n<br \/>\nLa citt\u00e0 \u00e8 posizionata a \u201csoli\u201d 560 metri, rispetto alla massima altitudine della sua Plose, montagna nella quale \u00e8 organizzato l&#8217;impianto sciistico pi\u00f9 lungo dell&#8217;Alto Adige. Gli sport invernali di certo non mancano: oltre a sci e snowboard, molto praticati sono l&#8217;escursionismo e l&#8217;alpinismo, favoriti anche dalla presenza di numerosi rifugi e malghe dove i visitatori possono fermarsi durante la loro camminata per rifocillarsi e godersi le immagini indimenticabili che riescono a regalare le Dolomiti, patrimonio dell&#8217;UNESCO. Posizionata nella <a href=\"http:\/\/it.wikipedia.org\/wiki\/Valle_Isarco\">Valle di Isarco<\/a> (al centro dell&#8217;Alto Adige) Bressanone \u00e8 ben collegata con le citt\u00e0 vicine, e punto di partenza per gite giornaliere verso, ad esempio:<\/p>\n<ul>\n<li>Merano<\/li>\n<li>Bolzano<\/li>\n<li>l&#8217;Alta Badia<\/li>\n<li>il comprensorio sciistico Plan de Corones<\/li>\n<li>il comprensorio sciistico Obereggen-Latemar<\/li>\n<\/ul>\n<p>Durante il periodo natalizio a Bressanone \u00e8 un forte il richiamo ai famosi Mercatini di Natale che propongono tra le innumerevoli cose, proposte gastronomiche ed attivit\u00e0 di ogni genere. Oltre ai mercatini potrete effettuare numerose escursioni all&#8217;aria aperta e gite sulla neve per la gioia dei vostri bimbi, Alto Adige \u00e8 sinonimo di inverno.<\/p>\n<p>La notte del 31 dicembre 2025 a Bressanone si pu\u00f2 festeggiare l&#8217;arrivo del nuovo anno nella piazza centrale: infatti, come le capitali europee, anche Bressanone organizzer\u00e0 una grande festa nel centro cittadino, per i residenti, o per gli ospiti, che potranno decidere per un cenone in uno dei numerosi ristoranti tipici e tradizionali, oppure per una cena in hotel o casalinga in appartamento.<\/p>\n<p>In alternativa anche una serata in una delle baite posizionate tra le cime di Bressanone \u00e8 particolare ed affascinante per chi non \u00e8 abituato a questi magnifici paesaggi e a quest&#8217;atmosfera affascinante della zona tra l&#8217;Italia e l&#8217;Austria, in grado di affascinare chiunque decida di visitarla. Una volta arrivati a Bressanone hotel o punti di informazione e agenzie turistiche saranno l\u00ec ad aspettarvi per mostrarvi e proporvi le alternative che Bressanone dedica ai suoi ospiti ogni anno.<\/p>\n<p>Quindi cosa aspettate? Venite a scoprire Bressanone in occasione delle vostre vacanze natalizie o per Capodanno. Non rimarrete delusi dalle numerose opportunit\u00e0 che questa citt\u00e0 offre.<\/p>\n<hr \/>\n<p>Se sei curioso di trascorrere il Capodanno 2026 a Bressanone, ti potranno interessare:<\/p>\n<table border=\"0\" width=\"400\" cellspacing=\"0\" cellpadding=\"0\">\n<tbody>\n<tr>\n<td><a href=\"#\"><img decoding=\"async\" loading=\"lazy\" class=\"alignnone\" style=\"width: 180px;\" src=\"\/images\/blog\/bressanone-merano.jpg\" alt=\"capodanno a Merano \" width=\"180\" height=\"250\" \/><\/a><\/td>\n<td><a href=\"#\"><img decoding=\"async\" loading=\"lazy\" class=\"alignnone\" style=\"width: 180px;\" src=\"\/images\/blog\/bressanone-capodanno.jpg\" alt=\"capodanno nel Sud Tirolo\" width=\"125\" height=\"125\" \/><\/a><\/td>\n<\/tr>\n<tr>\n<td><strong>Capodanno a Merano<\/strong><\/td>\n<td><strong>Capodanno in Sud Tirolo<\/strong><\/td>\n<\/tr>\n<\/tbody>\n<\/table>\n","protected":false},"excerpt":{"rendered":"<p>Per le vacanze di Natale e Capodanno, la scelta della montagna \u00e8 ormai un classico per gli italiani che vogliono concedersi una vacanza immersi della natura con i propri cari, lontani dalla quotidianit\u00e0 cittadina. Quest&#8217;anno un&#8217;alternativa potrebbe essere la citt\u00e0 di Bressanone, una delle localit\u00e0 pi\u00f9 particolari di tutta la zona altoatesina. La storia conferisce [&hellip;]<\/p>\n","protected":false},"author":2,"featured_media":0,"comment_status":"open","ping_status":"open","sticky":false,"template":"","format":"standard","meta":[],"categories":[9],"tags":[4],"aioseo_notices":[],"_links":{"self":[{"href":"http:\/\/www.trentino-in.com\/blog\/wp-json\/wp\/v2\/posts\/403"}],"collection":[{"href":"http:\/\/www.trentino-in.com\/blog\/wp-json\/wp\/v2\/posts"}],"about":[{"href":"http:\/\/www.trentino-in.com\/blog\/wp-json\/wp\/v2\/types\/post"}],"author":[{"embeddable":true,"href":"http:\/\/www.trentino-in.com\/blog\/wp-json\/wp\/v2\/users\/2"}],"replies":[{"embeddable":true,"href":"http:\/\/www.trentino-in.com\/blog\/wp-json\/wp\/v2\/comments?post=403"}],"version-history":[{"count":20,"href":"http:\/\/www.trentino-in.com\/blog\/wp-json\/wp\/v2\/posts\/403\/revisions"}],"predecessor-version":[{"id":2822,"href":"http:\/\/www.trentino-in.com\/blog\/wp-json\/wp\/v2\/posts\/403\/revisions\/2822"}],"wp:attachment":[{"href":"http:\/\/www.trentino-in.com\/blog\/wp-json\/wp\/v2\/media?parent=403"}],"wp:term":[{"taxonomy":"category","embeddable":true,"href":"http:\/\/www.trentino-in.com\/blog\/wp-json\/wp\/v2\/categories?post=403"},{"taxonomy":"post_tag","embeddable":true,"href":"http:\/\/www.trentino-in.com\/blog\/wp-json\/wp\/v2\/tags?post=403"}],"curies":[{"name":"wp","href":"https:\/\/api.w.org\/{rel}","templated":true}]}}