{"id":145,"date":"2017-01-12T07:24:11","date_gmt":"2017-01-12T07:24:11","guid":{"rendered":"http:\/\/www.trentino-in.com\/blog\/?p=145"},"modified":"2025-04-02T09:42:34","modified_gmt":"2025-04-02T09:42:34","slug":"ponte-2-giugno","status":"publish","type":"post","link":"https:\/\/www.trentino-in.com\/blog\/lago-di-garda\/ponte-2-giugno\/","title":{"rendered":"Ponte 2 Giugno Lago di Garda"},"content":{"rendered":"<p>La zona del Garda, con lo specchio d&#8217;acqua lacustre pi\u00f9 famoso d&#8217;Italia, \u00e8 in parte patrimonio del Trentino Alto Adige, visto che la sua parte superiore si estende oltre i confini veneti, in particolare con le localit\u00e0 di Riva del Garda e Nago-Torbole.<br \/>\n<!--more-->\n<script async src=\"\/\/pagead2.googlesyndication.com\/pagead\/js\/adsbygoogle.js\"><\/script>\n<ins class=\"adsbygoogle\"\n     style=\"display:block; text-align:center;\"\n     data-ad-layout=\"in-article\"\n     data-ad-format=\"fluid\"\n     data-ad-client=\"ca-pub-7234798599586592\"\n     data-ad-slot=\"9043176386\"><\/ins>\n<script>\n     (adsbygoogle = window.adsbygoogle || []).push({});\n<\/script>\n<br \/>\nQuesta vicinanza con le localit\u00e0 di montagna fa del <strong>Lago di Garda<\/strong> una meta ideale e molto gettonata per le vacanze in occasione del <strong>ponte del 2 Giugno<\/strong>, concedendo la possibilit\u00e0 nell&#8217;arco dello stesso viaggio di fare sia qualche giorno al lago, sia visitare le vicine localit\u00e0 montane con delle escursioni in giornata.<br \/>\nLa festa della Repubblica \u00e8 un momento davvero fantastico per una vacanza con amici e famiglia all&#8217;insegna del contatto con la natura, le giornate lunghe e le temperature ideali permettono di organizzare ogni tipo di divertimento, dal semplice pic nic agli sport sul lago (moltissimi praticano windsurf &#8211; kitesurf), le escursioni tra le localit\u00e0 muovendosi via mare, prendere la prima tintarella stagionale, una giornata di divertimento a Gardaland, il famoso parco divertimenti in localit\u00e0 Peschiera del Garda, facilmente raggiungibile via mare o in auto (o mezzi pubblici) da tutte le principali localit\u00e0 della costa.<br \/>\n\n<script async src=\"\/\/pagead2.googlesyndication.com\/pagead\/js\/adsbygoogle.js\"><\/script>\n<ins class=\"adsbygoogle\"\n     style=\"display:block; text-align:center;\"\n     data-ad-layout=\"in-article\"\n     data-ad-format=\"fluid\"\n     data-ad-client=\"ca-pub-7234798599586592\"\n     data-ad-slot=\"3407706329\"><\/ins>\n<script>\n     (adsbygoogle = window.adsbygoogle || []).push({});\n<\/script>\n<\/p>\n<h3>Alloggiare per il 2 giugno sul lago di Garda<\/h3>\n<p>Dove conviene soggiornare durante il ponte del 2 Giugno al Lago di Garda? Vista l&#8217;efficiente rete di collegamenti via terra e mare tra tutte le localit\u00e0 costiere, non vi \u00e8 la classica posizione strategica che prevale sulle altre, ma la scelta viene valutata per la bellezza soggettiva della localit\u00e0, il costo e la disponibilit\u00e0 di posti letto che riusciamo a trovare. Unica nota di rilievo \u00e8 data dal fatto che nei giorni del ponte si formano spesso lunghe code nella statale 249, la strada costiera principale che risale lo specchio d&#8217;acqua, e quindi se volete <a href=\"http:\/\/www.trentino-in.com\/blog\/lago-di-garda\/vacanze-a-garda\">raggiungere Gardaland in auto<\/a>, o qualche specifica localit\u00e0, conviene cercare alloggio relativamente vicino a questi punti di interesse.<br \/>\nIn tutte le citt\u00e0 si pu\u00f2 trovare una rete turistica ben organizzata, composta di hotel e alberghi, ma anche da <strong>bed and breakfast<\/strong> che dispongono di camere a costi decisamente pi\u00f9 economici. Anticipando di qualche mese la prenotazione rispetto al periodo di vacanza si possono trovare le migliori condizioni per quanto riguarda disponibilit\u00e0 e costi dei posti letto; inoltre \u00e8 pi\u00f9 facile trovare offerte speciali e pacchetti vacanza a prezzi promozionali, che gli albergatori promuovono per incentivare le prenotazioni per il primo &#8220;ufficiale&#8221; assaggio d&#8217;estate.<br \/>\nDal momento che non sempre \u00e8 facile scegliere l&#8217;hotel perfetto nella localit\u00e0 perfetta, vi aiuteremo noi con alcune proposte che potrete prendere in considerazione:<\/p>\n<div class=\"exp-wrap\">\n<div class=\"exp-hotel\">\n<div class=\"exp-img\"><img decoding=\"async\" src=\"http:\/\/www.trentino-in.com\/blog\/wp-content\/uploads\/albergo-al-maso-Copia-2-Copia.jpg\" alt=\"\" width=\"255px\"><\/div>\n<div class=\"exp-desc\"><a href=\"http:\/\/www.trentino-in.com\/blog\/ext\/2-giugno-garda-albergo-al-maso\"><br \/>\n<\/a><\/p>\n<h3>Albergo al Maso<span class=\"exp-star\">\u2605\u2605\u2605<\/span><\/h3>\n<p><span class=\"exp-adr\">Via Edoardo Modl, 7, Riva del Garda (TN). <\/span>Hotel molto semplice e funzionale, dotato di piscina interna e buona e abbondante colazione; dall&#8217;hotel si pu\u00f2 inoltre godere di una fantastica vista sui vigneti.<\/p>\n<div class=\"exp-btn-div\"><a class=\"exp-btn\" href=\"http:\/\/www.trentino-in.com\/blog\/ext\/2-giugno-garda-albergo-al-maso\" target=\"_blank\" rel=\"nofollow noopener noreferrer\">Prenota Ora<\/a><\/div>\n<\/div>\n<\/div>\n<div class=\"exp-hotel\">\n<div class=\"exp-img\"><img decoding=\"async\" src=\"http:\/\/www.trentino-in.com\/blog\/wp-content\/uploads\/hotel-rudy.jpg\" alt=\"\" width=\"255px\"><\/div>\n<div class=\"exp-desc\"><a href=\"http:\/\/www.trentino-in.com\/blog\/ext\/2-giugno-garda-hotel-rudy\"><br \/>\n<\/a><\/p>\n<h3>Hotel Rudy<span class=\"exp-star\">\u2605\u2605\u2605<\/span><\/h3>\n<p><span class=\"exp-adr\">Via S. Nazzaro, Riva del Garda (TN). <\/span>Questo hotel si trova nel centro della cittadina ma in una zona abbastanza tranquilla; \u00e8 dotato di ogni comfort a partire dalla buona e abbondante colazione all&#8217;attrezzata Spa.<\/p>\n<div class=\"exp-btn-div\"><a class=\"exp-btn\" href=\"http:\/\/www.trentino-in.com\/blog\/ext\/2-giugno-garda-hotel-rudy\" target=\"_blank\" rel=\"nofollow noopener noreferrer\">Prenota Ora<\/a><\/div>\n<\/div>\n<\/div>\n<div class=\"exp-hotel\">\n<div class=\"exp-img\"><img decoding=\"async\" src=\"http:\/\/www.trentino-in.com\/blog\/wp-content\/uploads\/hotel-benaco.jpg\" alt=\"\" width=\"255px\"><\/div>\n<div class=\"exp-desc\"><a href=\"http:\/\/www.trentino-in.com\/blog\/ext\/2-giugno-garda-hotel-benaco\"><br \/>\n<\/a><\/p>\n<h3>Hotel Benaco<span class=\"exp-star\">\u2605\u2605\u2605<\/span><\/h3>\n<p><span class=\"exp-adr\">Via Benaco 35, Nago-Torbole, (TN). <\/span>L&#8217;hotel Benaco si affaccia sul lago di Garda ed offre un panorama magnifico dalle sue finestre. Le camere sono pulite ed ampie e i pasti sono di qualit\u00e0 ed abbondanti. Il personale \u00e8 molto cortese.<\/p>\n<div class=\"exp-btn-div\"><a class=\"exp-btn\" href=\"http:\/\/www.trentino-in.com\/blog\/ext\/2-giugno-garda-hotel-benaco\" target=\"_blank\" rel=\"nofollow noopener noreferrer\">Prenota Ora<\/a><\/div>\n<\/div>\n<\/div>\n<\/div>\n<p><img decoding=\"async\" src=\"\/images\/lago-garda.jpg\" alt=\"vacanza al Lago di Garda per il 2 Giugno\"><br \/>\nConcludiamo attirando l&#8217;attenzione dei nostri lettori sulla possibilit\u00e0 di soggiornare in appartamento, soluzione spesso poco presa in considerazione, ma che pu\u00f2 dare enormi vantaggi (ne citiamo alcuni a seguire), anche se in cambio bisogna darsi un po&#8217; da fare (nessuno ci rif\u00e0 la camera al mattino!!):<\/p>\n<ul>\n<li>famiglie numerose e gruppi avranno un costo pro capite decisamente pi\u00f9 contenuto<\/li>\n<li>completa autonomia, grazie all&#8217;indipendenza, presenza di cucina, ecc.<\/li>\n<li>si condivide un unico ambiente, incentivo per stare assieme e divertirsi<\/li>\n<\/ul>\n<p>Buona permanenza e buon divertimento al Lago di Garda per il vostro ponte del due giugno! Troverete idee per divertirti in uno dei posti pi\u00f9 suggestivi ed a contatto con la natura.<\/p>\n","protected":false},"excerpt":{"rendered":"<p>La zona del Garda, con lo specchio d&#8217;acqua lacustre pi\u00f9 famoso d&#8217;Italia, \u00e8 in parte patrimonio del Trentino Alto Adige, visto che la sua parte superiore si estende oltre i confini veneti, in particolare con le localit\u00e0 di Riva del Garda e Nago-Torbole.<\/p>\n","protected":false},"author":2,"featured_media":0,"comment_status":"open","ping_status":"open","sticky":false,"template":"","format":"standard","meta":[],"categories":[8],"tags":[],"aioseo_notices":[],"_links":{"self":[{"href":"https:\/\/www.trentino-in.com\/blog\/wp-json\/wp\/v2\/posts\/145"}],"collection":[{"href":"https:\/\/www.trentino-in.com\/blog\/wp-json\/wp\/v2\/posts"}],"about":[{"href":"https:\/\/www.trentino-in.com\/blog\/wp-json\/wp\/v2\/types\/post"}],"author":[{"embeddable":true,"href":"https:\/\/www.trentino-in.com\/blog\/wp-json\/wp\/v2\/users\/2"}],"replies":[{"embeddable":true,"href":"https:\/\/www.trentino-in.com\/blog\/wp-json\/wp\/v2\/comments?post=145"}],"version-history":[{"count":6,"href":"https:\/\/www.trentino-in.com\/blog\/wp-json\/wp\/v2\/posts\/145\/revisions"}],"predecessor-version":[{"id":2725,"href":"https:\/\/www.trentino-in.com\/blog\/wp-json\/wp\/v2\/posts\/145\/revisions\/2725"}],"wp:attachment":[{"href":"https:\/\/www.trentino-in.com\/blog\/wp-json\/wp\/v2\/media?parent=145"}],"wp:term":[{"taxonomy":"category","embeddable":true,"href":"https:\/\/www.trentino-in.com\/blog\/wp-json\/wp\/v2\/categories?post=145"},{"taxonomy":"post_tag","embeddable":true,"href":"https:\/\/www.trentino-in.com\/blog\/wp-json\/wp\/v2\/tags?post=145"}],"curies":[{"name":"wp","href":"https:\/\/api.w.org\/{rel}","templated":true}]}}