{"id":389,"date":"2012-10-04T16:37:16","date_gmt":"2012-10-04T16:37:16","guid":{"rendered":"http:\/\/www.trentino-in.com\/blog\/?p=389"},"modified":"2025-08-26T10:12:31","modified_gmt":"2025-08-26T10:12:31","slug":"8-dicembre","status":"publish","type":"post","link":"https:\/\/www.trentino-in.com\/blog\/montagna\/8-dicembre\/","title":{"rendered":"Ponte dell&#8217;8 Dicembre in montagna"},"content":{"rendered":"<div class=\"img_s\"><img decoding=\"async\" src=\"\/images\/ponte-immacolata_pic.jpg\" alt=\"\"><\/div>\n<p>Quale migliore occasione per concedersi dei giorni in montagna, che il ponte dell&#8217;immacolata? Lontani ormai dal caldo estivo e dalle affezionate localit\u00e0 balneari, l&#8217;atteso ponte dell&#8217;8 dicembre 2025 \u00e8 l&#8217;ideale per organizzare un breve soggiorno tra i monti. Immersi nella natura potrete respirare un po&#8217; di sana aria montana e dedicarvi a voi stessi. La stagione invernale \u00e8 ormai iniziata e gli impianti sciistici in Trentino sono pronti ad accogliervi e fornirvi tutto quello che vi serve per iniziare finalmente a praticare i vostri sport invernali preferiti. Ma nel territorio trentino anche gli stabilimenti termali non mancano! E dopo una giornata di sci, snowboard o escursionismo potrete rilassarvi tra bagno turco e sauna.<br \/>\n<!--more-->\n<script async src=\"\/\/pagead2.googlesyndication.com\/pagead\/js\/adsbygoogle.js\"><\/script>\n<ins class=\"adsbygoogle\"\n     style=\"display:block; text-align:center;\"\n     data-ad-layout=\"in-article\"\n     data-ad-format=\"fluid\"\n     data-ad-client=\"ca-pub-7234798599586592\"\n     data-ad-slot=\"9043176386\"><\/ins>\n<script>\n     (adsbygoogle = window.adsbygoogle || []).push({});\n<\/script>\n<br \/>\n<a href=\"http:\/\/www.trentino-in.com\/blog\/montagna\/ponte-immacolata-in-montagna\/\">PONTE DELL&#8217;8 DICEMBRE IN MONTAGNA<\/a><br \/>\nIl Trentino \u00e8 noto per vantare all&#8217;interno del suo territorio un ampio numero di citt\u00e0 e paesi, ciascuno con particolari caratteristiche, i quali sono tutti collegati l&#8217;uno all&#8217;altro e ben forniti di servizi per il turismo.<\/p>\n<div class=\"central\"><img decoding=\"async\" src=\"\/images\/ponte-immacolata_big1.jpg\" alt=\"8 dicembre in montagna\"><\/div>\n<p>Chi volesse quindi concedersi due o tre giorni in una localit\u00e0 trentina, avr\u00e0 a disposizione un&#8217;ampia scelta tra paesini e stabilimenti sciistici, ognuno dei quali potr\u00e0 soddisfare le varie esigenze in termini di periodo disponibile o lontananza fisica dei vari visitatori.<br \/>\nUn breve soggiorno e un assaggio di clima montano per riprendere in maniera pi\u00f9 vitale il lavoro o lo studio. Scopri le tante offerte che ti aspettano per \u201cfesteggiare l&#8217;Immacolata\u201d immerso nell&#8217;affascinate natura montana!<\/p>\n<div class=\"central\"><img decoding=\"async\" src=\"\/images\/ponte-immacolata_big2.jpg\" alt=\"vacanze in montagna\"><\/div>\n<p>Ti proponiamo a seguire alcune delle splendide localit\u00e0 tra le quali potrai scegliere dove soggiornare.<\/p>\n<div class=\"img_s\"><img decoding=\"async\" src=\"\/images\/8dic-andalo.jpg\" alt=\"\"><\/div>\n<p><a href=\"http:\/\/www.trentino-in.com\/andalo\/\">Andalo<\/a><br \/>\nQuesto piccolo borgo fa parte di un comprensorio naturalistico all&#8217;avanguardia grazie alla natura incontaminata che caratterizza il suo territorio. Avrete la possibilit\u00e0 di trascorrere le vostre ferie in un paesaggio tra i pi\u00f9 suggestivi di tutto l&#8217;arco alpino.<\/p>\n<div class=\"img_s\"><img decoding=\"async\" src=\"\/images\/8dic-ortisei.jpg\" alt=\"\"><\/div>\n<p><a href=\"http:\/\/www.trentino-in.com\/ortisei\/\">Ortisei<\/a><br \/>\nLa val Gardena, in cui \u00e8 posizionata Ortisei, \u00e8 famosa per la tradizione ladina che ancora si pu\u00f2 ben riconoscere in questa terra. Si dedica al turismo con attenzione attrezzandosi delle moderne attrezzature e servizi: nonostante la piccola dimensione, questa cittadina si avvale di tutti i comfort per i suoi ospiti.<\/p>\n<div class=\"img_s\"><img decoding=\"async\" src=\"\/images\/8dic-corvara.jpg\" alt=\"\"><\/div>\n<p><a href=\"http:\/\/www.trentino-in.com\/corvara\/\">Corvara<\/a><br \/>\nIl maggior centro dell&#8217;Alta Badia, \u00e8 l&#8217;ideale per gli appassionati di sci. Le numerose piste facenti parte del comprensorio Superski, sono vicine alla maggior parte degli alloggi ed \u00e8 proprio su queste che si potr\u00e0 attraversare sopra gli sci i \u201cquattro passi\u201d. Sempre pi\u00f9 frequentata, Corvara \u00e8 la citt\u00e0 dove trascorrere un soggiorno in montagna tradizionale e rilassante.<\/p>\n<div class=\"img_s\"><img decoding=\"async\" src=\"\/images\/8dic-canazei.jpg\" alt=\"\"><\/div>\n<p><a href=\"http:\/\/www.trentino-in.com\/canazei\/\">Canazei<\/a><br \/>\nTra la bellezza delle Dolomiti e della Val di Fassa in cui si trova, e i continui investimenti in servizi e attivit\u00e0 per il turismo, Canazei sta crescendo e diventando una delle pi\u00f9 ambite mete turistiche di tutto il Trentino. Ma la sua natura di piccolo e tradizionale villaggio, che dona un&#8217;atmosfera magica al paesaggio cittadino, si pu\u00f2 ancora riconoscere in tutti i suoi angoli.<\/p>\n<p>Quindi se volete avere un primo assaggio delle vacanze natalizie nonch\u00e9 dell&#8217;apertura della stagione sciistica, cogliete al volo le offerte create in occasione del ponte dell&#8217;8 dicembre.<\/p>\n","protected":false},"excerpt":{"rendered":"<p>Quale migliore occasione per concedersi dei giorni in montagna, che il ponte dell&#8217;immacolata? Lontani ormai dal caldo estivo e dalle affezionate localit\u00e0 balneari, l&#8217;atteso ponte dell&#8217;8 dicembre 2025 \u00e8 l&#8217;ideale per organizzare un breve soggiorno tra i monti. Immersi nella natura potrete respirare un po&#8217; di sana aria montana e dedicarvi a voi stessi. La [&hellip;]<\/p>\n","protected":false},"author":2,"featured_media":0,"comment_status":"open","ping_status":"open","sticky":false,"template":"","format":"standard","meta":[],"categories":[7],"tags":[39,24,18],"aioseo_notices":[],"_links":{"self":[{"href":"https:\/\/www.trentino-in.com\/blog\/wp-json\/wp\/v2\/posts\/389"}],"collection":[{"href":"https:\/\/www.trentino-in.com\/blog\/wp-json\/wp\/v2\/posts"}],"about":[{"href":"https:\/\/www.trentino-in.com\/blog\/wp-json\/wp\/v2\/types\/post"}],"author":[{"embeddable":true,"href":"https:\/\/www.trentino-in.com\/blog\/wp-json\/wp\/v2\/users\/2"}],"replies":[{"embeddable":true,"href":"https:\/\/www.trentino-in.com\/blog\/wp-json\/wp\/v2\/comments?post=389"}],"version-history":[{"count":12,"href":"https:\/\/www.trentino-in.com\/blog\/wp-json\/wp\/v2\/posts\/389\/revisions"}],"predecessor-version":[{"id":2800,"href":"https:\/\/www.trentino-in.com\/blog\/wp-json\/wp\/v2\/posts\/389\/revisions\/2800"}],"wp:attachment":[{"href":"https:\/\/www.trentino-in.com\/blog\/wp-json\/wp\/v2\/media?parent=389"}],"wp:term":[{"taxonomy":"category","embeddable":true,"href":"https:\/\/www.trentino-in.com\/blog\/wp-json\/wp\/v2\/categories?post=389"},{"taxonomy":"post_tag","embeddable":true,"href":"https:\/\/www.trentino-in.com\/blog\/wp-json\/wp\/v2\/tags?post=389"}],"curies":[{"name":"wp","href":"https:\/\/api.w.org\/{rel}","templated":true}]}}