{"id":88,"date":"2017-01-30T09:19:12","date_gmt":"2017-01-30T09:19:12","guid":{"rendered":"http:\/\/www.trentino-in.com\/blog\/?p=88"},"modified":"2025-08-26T12:39:51","modified_gmt":"2025-08-26T12:39:51","slug":"weekend-san-valentino","status":"publish","type":"post","link":"https:\/\/www.trentino-in.com\/blog\/lago-di-garda\/weekend-san-valentino\/","title":{"rendered":"San Valentino 2026 sul Lago di Garda"},"content":{"rendered":"<p>Non \u00e8 sempre facile trovare l&#8217;idea giusta per fare un regalo al proprio compagno\/a che lasci il segno in occasione della <strong>festa di San Valentino<\/strong>, senza cadere nel classico e nel &#8220;banale&#8221;, o senza il rischio di prendere qualcosa di sbagliato.<br \/>\n<!--more-->\n<script async src=\"\/\/pagead2.googlesyndication.com\/pagead\/js\/adsbygoogle.js\"><\/script>\n<ins class=\"adsbygoogle\"\n     style=\"display:block; text-align:center;\"\n     data-ad-layout=\"in-article\"\n     data-ad-format=\"fluid\"\n     data-ad-client=\"ca-pub-7234798599586592\"\n     data-ad-slot=\"9043176386\"><\/ins>\n<script>\n     (adsbygoogle = window.adsbygoogle || []).push({});\n<\/script>\n<br \/>\nL&#8217;obiettivo di questo contributo \u00e8 anzitutto di suggerire un&#8217;idea per una breve vacanza in una delle localit\u00e0 turistiche che si affacciano sul Lago di Garda, citt\u00e0 piccole ma molto carine, accomunate tutte da una romanticissima vista sul Lago, ideale nido d&#8217;amore dove passare splendide giornate con la propria compagna.<br \/>\nIl weekend (pi\u00f9 prossimo al 14 Febbraio) \u00e8 generalmente la formula di vacanza pi\u00f9 gettonata, ma non manca chi decide di fare anche qualche giorno in pi\u00f9, fino alla settimana intera.<br \/>\n\n<script async src=\"\/\/pagead2.googlesyndication.com\/pagead\/js\/adsbygoogle.js\"><\/script>\n<ins class=\"adsbygoogle\"\n     style=\"display:block; text-align:center;\"\n     data-ad-layout=\"in-article\"\n     data-ad-format=\"fluid\"\n     data-ad-client=\"ca-pub-7234798599586592\"\n     data-ad-slot=\"3407706329\"><\/ins>\n<script>\n     (adsbygoogle = window.adsbygoogle || []).push({});\n<\/script>\n<br \/>\nDurante una <strong>vacanza romantica sul Garda<\/strong>, ovviamente ancora in piena stagione invernale, sar\u00e0 possibile visitare le citt\u00e0 ed i monumenti presenti nei centri storici, fare un tour del lago grazie ai battelli che lo percorrono in lungo ed in largo, regalando cos\u00ec la possibilit\u00e0 di muoversi tra le varie localit\u00e0 senza utilizzare i mezzi propri, e potendo mantenere sempre l&#8217;alloggio nello stesso hotel o albergo per tutta la durata della vacanza.<\/p>\n<div id=\"immagine\"><img decoding=\"async\" src=\"\/images\/san-valentino-garda.jpg\" alt=\"Weekend romantico di San Valentino\" \/><\/div>\n<p>La festa degli innamorati \u00e8 la prima occasione &#8220;non ufficiale&#8221; per una vacanza dopo il periodo di Natale e Capodanno, e molti credono che sia proibitivo (dal punto di vista economico) permettersi anche solo un week end, a cos\u00ec poca distanza dai viaggi di fine anno; invece teniamo a sottolineare come nelle zone del Garda vi siano molte strutture ricettive che propongono offerte davvero vantaggiose, con formule appositamente dedicate alla coppia per la festa di S. Valentino che permettono di <strong>soggiornare a costi decisamente abbordabili<\/strong> (considerando anche che siamo in periodo di bassa stagione).<br \/>\nE siamo sicuri che il pi\u00f9 delle volte una bella vacanza (anche se corta) possa fare pi\u00f9 piacere di uno dei classici regali tipici che caratterizzano il 14 Febbraio.<\/p>\n<p>Innamorati, tirate fuori il vostro lato romantico e fate una sorpresa alla vostra dolce met\u00e0! Regalatele un fine settimana indimenticabile in occasione di San Valentino.<\/p>\n","protected":false},"excerpt":{"rendered":"<p>Non \u00e8 sempre facile trovare l&#8217;idea giusta per fare un regalo al proprio compagno\/a che lasci il segno in occasione della festa di San Valentino, senza cadere nel classico e nel &#8220;banale&#8221;, o senza il rischio di prendere qualcosa di sbagliato.<\/p>\n","protected":false},"author":2,"featured_media":0,"comment_status":"open","ping_status":"open","sticky":false,"template":"","format":"standard","meta":[],"categories":[8],"tags":[],"aioseo_notices":[],"_links":{"self":[{"href":"https:\/\/www.trentino-in.com\/blog\/wp-json\/wp\/v2\/posts\/88"}],"collection":[{"href":"https:\/\/www.trentino-in.com\/blog\/wp-json\/wp\/v2\/posts"}],"about":[{"href":"https:\/\/www.trentino-in.com\/blog\/wp-json\/wp\/v2\/types\/post"}],"author":[{"embeddable":true,"href":"https:\/\/www.trentino-in.com\/blog\/wp-json\/wp\/v2\/users\/2"}],"replies":[{"embeddable":true,"href":"https:\/\/www.trentino-in.com\/blog\/wp-json\/wp\/v2\/comments?post=88"}],"version-history":[{"count":12,"href":"https:\/\/www.trentino-in.com\/blog\/wp-json\/wp\/v2\/posts\/88\/revisions"}],"predecessor-version":[{"id":2813,"href":"https:\/\/www.trentino-in.com\/blog\/wp-json\/wp\/v2\/posts\/88\/revisions\/2813"}],"wp:attachment":[{"href":"https:\/\/www.trentino-in.com\/blog\/wp-json\/wp\/v2\/media?parent=88"}],"wp:term":[{"taxonomy":"category","embeddable":true,"href":"https:\/\/www.trentino-in.com\/blog\/wp-json\/wp\/v2\/categories?post=88"},{"taxonomy":"post_tag","embeddable":true,"href":"https:\/\/www.trentino-in.com\/blog\/wp-json\/wp\/v2\/tags?post=88"}],"curies":[{"name":"wp","href":"https:\/\/api.w.org\/{rel}","templated":true}]}}